{"id":13789,"date":"2025-04-07T13:55:21","date_gmt":"2025-04-07T11:55:21","guid":{"rendered":"https:\/\/www.esplanadetergesteo.it\/?p=13789"},"modified":"2025-04-07T14:09:37","modified_gmt":"2025-04-07T12:09:37","slug":"weltgesundheitstag-2025-natuerliches-wohlbefinden-in-den-euganeischen-thermen","status":"publish","type":"post","link":"https:\/\/www.esplanadetergesteo.it\/de\/weltgesundheitstag-2025-natuerliches-wohlbefinden-in-den-euganeischen-thermen\/","title":{"rendered":"Weltgesundheitstag 2025: Nat\u00fcrliches Wohlbefinden in den Euganeischen Thermen"},"content":{"rendered":"<p>Am 7. April 2025 feiern wir den Weltgesundheitstag, einen Anlass, um \u00fcber die Bedeutung von Wohlbefinden und Pr\u00e4vention nachzudenken. Im Herzen der Euganeischen Thermalb\u00e4der repr\u00e4sentiert unser Esplanade Tergesteo \u2013 Luxury Retreat in Montegrotto Terme eine Oase des Luxus, die der Wiederherstellung von K\u00f6rper und Geist gewidmet ist.<\/p>\n","protected":false},"excerpt":{"rendered":"<p>Am 7. April 2025 feiern wir den Weltgesundheitstag, einen Anlass, um \u00fcber die Bedeutung von Wohlbefinden und Pr\u00e4vention nachzudenken. Im Herzen der Euganeischen Thermalb\u00e4der repr\u00e4sentiert unser Esplanade Tergesteo \u2013 Luxury Retreat in Montegrotto Terme eine Oase des Luxus, die der Wiederherstellung von K\u00f6rper und Geist gewidmet ist.<\/p>\n","protected":false},"author":4,"featured_media":13785,"comment_status":"closed","ping_status":"closed","sticky":false,"template":"","format":"standard","meta":{"_acf_changed":false,"_joinchat":[]},"categories":[52,60],"tags":[],"class_list":["post-13789","post","type-post","status-publish","format-standard","has-post-thumbnail","hentry","category-hotel-de","category-wellness"],"acf":[],"yoast_head":"<!-- This site is optimized with the Yoast SEO plugin v27.1.1 - https:\/\/yoast.com\/product\/yoast-seo-wordpress\/ -->\n<title>Weltgesundheitstag 2025<\/title>\n<meta name=\"description\" content=\"Am 7. April 2025 feiern wir den Weltgesundheitstag, einen Anlass, um \u00fcber die Bedeutung von Wohlbefinden und Pr\u00e4vention nachzudenken\" \/>\n<meta name=\"robots\" content=\"index, follow, max-snippet:-1, max-image-preview:large, max-video-preview:-1\" \/>\n<link rel=\"canonical\" href=\"https:\/\/www.esplanadetergesteo.it\/de\/weltgesundheitstag-2025-natuerliches-wohlbefinden-in-den-euganeischen-thermen\/\" \/>\n<meta property=\"og:locale\" content=\"de_DE\" \/>\n<meta property=\"og:type\" content=\"article\" \/>\n<meta property=\"og:title\" content=\"Weltgesundheitstag 2025\" \/>\n<meta property=\"og:description\" content=\"Am 7. April 2025 feiern wir den Weltgesundheitstag, einen Anlass, um \u00fcber die Bedeutung von Wohlbefinden und Pr\u00e4vention nachzudenken\" \/>\n<meta property=\"og:url\" content=\"https:\/\/www.esplanadetergesteo.it\/de\/weltgesundheitstag-2025-natuerliches-wohlbefinden-in-den-euganeischen-thermen\/\" \/>\n<meta property=\"og:site_name\" content=\"Esplanade Tergesteo\" \/>\n<meta property=\"article:published_time\" content=\"2025-04-07T11:55:21+00:00\" \/>\n<meta property=\"article:modified_time\" content=\"2025-04-07T12:09:37+00:00\" \/>\n<meta property=\"og:image\" content=\"https:\/\/www.esplanadetergesteo.it\/wp-content\/uploads\/2025\/04\/FED9571-light-scaled.jpg\" \/>\n\t<meta property=\"og:image:width\" content=\"1707\" \/>\n\t<meta property=\"og:image:height\" content=\"2560\" \/>\n\t<meta property=\"og:image:type\" content=\"image\/jpeg\" \/>\n<meta name=\"author\" content=\"esplanade.tergesteo\" \/>\n<meta name=\"twitter:card\" content=\"summary_large_image\" \/>\n<meta name=\"twitter:label1\" content=\"Verfasst von\" \/>\n\t<meta name=\"twitter:data1\" content=\"esplanade.tergesteo\" \/>\n\t<meta name=\"twitter:label2\" content=\"Gesch\u00e4tzte Lesezeit\" \/>\n\t<meta name=\"twitter:data2\" content=\"1\u00a0Minute\" \/>\n<script type=\"application\/ld+json\" class=\"yoast-schema-graph\">{\"@context\":\"https:\/\/schema.org\",\"@graph\":[{\"@type\":\"Article\",\"@id\":\"https:\/\/www.esplanadetergesteo.it\/de\/weltgesundheitstag-2025-natuerliches-wohlbefinden-in-den-euganeischen-thermen\/#article\",\"isPartOf\":{\"@id\":\"https:\/\/www.esplanadetergesteo.it\/de\/weltgesundheitstag-2025-natuerliches-wohlbefinden-in-den-euganeischen-thermen\/\"},\"author\":{\"name\":\"esplanade.tergesteo\",\"@id\":\"https:\/\/www.esplanadetergesteo.it\/#\/schema\/person\/46acef43e5a882936cab94ea48da547e\"},\"headline\":\"Weltgesundheitstag 2025: Nat\u00fcrliches Wohlbefinden in den Euganeischen Thermen\",\"datePublished\":\"2025-04-07T11:55:21+00:00\",\"dateModified\":\"2025-04-07T12:09:37+00:00\",\"mainEntityOfPage\":{\"@id\":\"https:\/\/www.esplanadetergesteo.it\/de\/weltgesundheitstag-2025-natuerliches-wohlbefinden-in-den-euganeischen-thermen\/\"},\"wordCount\":56,\"image\":{\"@id\":\"https:\/\/www.esplanadetergesteo.it\/de\/weltgesundheitstag-2025-natuerliches-wohlbefinden-in-den-euganeischen-thermen\/#primaryimage\"},\"thumbnailUrl\":\"https:\/\/www.esplanadetergesteo.it\/wp-content\/uploads\/2025\/04\/FED9571-light-scaled.jpg\",\"articleSection\":[\"Hotel\",\"Wellness\"],\"inLanguage\":\"de\"},{\"@type\":\"WebPage\",\"@id\":\"https:\/\/www.esplanadetergesteo.it\/de\/weltgesundheitstag-2025-natuerliches-wohlbefinden-in-den-euganeischen-thermen\/\",\"url\":\"https:\/\/www.esplanadetergesteo.it\/de\/weltgesundheitstag-2025-natuerliches-wohlbefinden-in-den-euganeischen-thermen\/\",\"name\":\"Weltgesundheitstag 2025\",\"isPartOf\":{\"@id\":\"https:\/\/www.esplanadetergesteo.it\/#website\"},\"primaryImageOfPage\":{\"@id\":\"https:\/\/www.esplanadetergesteo.it\/de\/weltgesundheitstag-2025-natuerliches-wohlbefinden-in-den-euganeischen-thermen\/#primaryimage\"},\"image\":{\"@id\":\"https:\/\/www.esplanadetergesteo.it\/de\/weltgesundheitstag-2025-natuerliches-wohlbefinden-in-den-euganeischen-thermen\/#primaryimage\"},\"thumbnailUrl\":\"https:\/\/www.esplanadetergesteo.it\/wp-content\/uploads\/2025\/04\/FED9571-light-scaled.jpg\",\"datePublished\":\"2025-04-07T11:55:21+00:00\",\"dateModified\":\"2025-04-07T12:09:37+00:00\",\"author\":{\"@id\":\"https:\/\/www.esplanadetergesteo.it\/#\/schema\/person\/46acef43e5a882936cab94ea48da547e\"},\"description\":\"Am 7. April 2025 feiern wir den Weltgesundheitstag, einen Anlass, um \u00fcber die Bedeutung von Wohlbefinden und Pr\u00e4vention nachzudenken\",\"breadcrumb\":{\"@id\":\"https:\/\/www.esplanadetergesteo.it\/de\/weltgesundheitstag-2025-natuerliches-wohlbefinden-in-den-euganeischen-thermen\/#breadcrumb\"},\"inLanguage\":\"de\",\"potentialAction\":[{\"@type\":\"ReadAction\",\"target\":[\"https:\/\/www.esplanadetergesteo.it\/de\/weltgesundheitstag-2025-natuerliches-wohlbefinden-in-den-euganeischen-thermen\/\"]}]},{\"@type\":\"ImageObject\",\"inLanguage\":\"de\",\"@id\":\"https:\/\/www.esplanadetergesteo.it\/de\/weltgesundheitstag-2025-natuerliches-wohlbefinden-in-den-euganeischen-thermen\/#primaryimage\",\"url\":\"https:\/\/www.esplanadetergesteo.it\/wp-content\/uploads\/2025\/04\/FED9571-light-scaled.jpg\",\"contentUrl\":\"https:\/\/www.esplanadetergesteo.it\/wp-content\/uploads\/2025\/04\/FED9571-light-scaled.jpg\",\"width\":1707,\"height\":2560},{\"@type\":\"BreadcrumbList\",\"@id\":\"https:\/\/www.esplanadetergesteo.it\/de\/weltgesundheitstag-2025-natuerliches-wohlbefinden-in-den-euganeischen-thermen\/#breadcrumb\",\"itemListElement\":[{\"@type\":\"ListItem\",\"position\":1,\"name\":\"Home\",\"item\":\"https:\/\/www.esplanadetergesteo.it\/de\/\"},{\"@type\":\"ListItem\",\"position\":2,\"name\":\"Hotel\",\"item\":\"https:\/\/www.esplanadetergesteo.it\/de\/category\/hotel-de\/\"},{\"@type\":\"ListItem\",\"position\":3,\"name\":\"Weltgesundheitstag 2025: Nat\u00fcrliches Wohlbefinden in den Euganeischen Thermen\"}]},{\"@type\":\"WebSite\",\"@id\":\"https:\/\/www.esplanadetergesteo.it\/#website\",\"url\":\"https:\/\/www.esplanadetergesteo.it\/\",\"name\":\"Esplanade Tergesteo\",\"description\":\"\",\"potentialAction\":[{\"@type\":\"SearchAction\",\"target\":{\"@type\":\"EntryPoint\",\"urlTemplate\":\"https:\/\/www.esplanadetergesteo.it\/?s={search_term_string}\"},\"query-input\":{\"@type\":\"PropertyValueSpecification\",\"valueRequired\":true,\"valueName\":\"search_term_string\"}}],\"inLanguage\":\"de\"},{\"@type\":\"Person\",\"@id\":\"https:\/\/www.esplanadetergesteo.it\/#\/schema\/person\/46acef43e5a882936cab94ea48da547e\",\"name\":\"esplanade.tergesteo\",\"url\":\"https:\/\/www.esplanadetergesteo.it\/de\/author\/esplanade-tergesteo\/\"}]}<\/script>\n<!-- \/ Yoast SEO plugin. -->","yoast_head_json":{"title":"Weltgesundheitstag 2025","description":"Am 7. April 2025 feiern wir den Weltgesundheitstag, einen Anlass, um \u00fcber die Bedeutung von Wohlbefinden und Pr\u00e4vention nachzudenken","robots":{"index":"index","follow":"follow","max-snippet":"max-snippet:-1","max-image-preview":"max-image-preview:large","max-video-preview":"max-video-preview:-1"},"canonical":"https:\/\/www.esplanadetergesteo.it\/de\/weltgesundheitstag-2025-natuerliches-wohlbefinden-in-den-euganeischen-thermen\/","og_locale":"de_DE","og_type":"article","og_title":"Weltgesundheitstag 2025","og_description":"Am 7. April 2025 feiern wir den Weltgesundheitstag, einen Anlass, um \u00fcber die Bedeutung von Wohlbefinden und Pr\u00e4vention nachzudenken","og_url":"https:\/\/www.esplanadetergesteo.it\/de\/weltgesundheitstag-2025-natuerliches-wohlbefinden-in-den-euganeischen-thermen\/","og_site_name":"Esplanade Tergesteo","article_published_time":"2025-04-07T11:55:21+00:00","article_modified_time":"2025-04-07T12:09:37+00:00","og_image":[{"width":1707,"height":2560,"url":"https:\/\/www.esplanadetergesteo.it\/wp-content\/uploads\/2025\/04\/FED9571-light-scaled.jpg","type":"image\/jpeg"}],"author":"esplanade.tergesteo","twitter_card":"summary_large_image","twitter_misc":{"Verfasst von":"esplanade.tergesteo","Gesch\u00e4tzte Lesezeit":"1\u00a0Minute"},"schema":{"@context":"https:\/\/schema.org","@graph":[{"@type":"Article","@id":"https:\/\/www.esplanadetergesteo.it\/de\/weltgesundheitstag-2025-natuerliches-wohlbefinden-in-den-euganeischen-thermen\/#article","isPartOf":{"@id":"https:\/\/www.esplanadetergesteo.it\/de\/weltgesundheitstag-2025-natuerliches-wohlbefinden-in-den-euganeischen-thermen\/"},"author":{"name":"esplanade.tergesteo","@id":"https:\/\/www.esplanadetergesteo.it\/#\/schema\/person\/46acef43e5a882936cab94ea48da547e"},"headline":"Weltgesundheitstag 2025: Nat\u00fcrliches Wohlbefinden in den Euganeischen Thermen","datePublished":"2025-04-07T11:55:21+00:00","dateModified":"2025-04-07T12:09:37+00:00","mainEntityOfPage":{"@id":"https:\/\/www.esplanadetergesteo.it\/de\/weltgesundheitstag-2025-natuerliches-wohlbefinden-in-den-euganeischen-thermen\/"},"wordCount":56,"image":{"@id":"https:\/\/www.esplanadetergesteo.it\/de\/weltgesundheitstag-2025-natuerliches-wohlbefinden-in-den-euganeischen-thermen\/#primaryimage"},"thumbnailUrl":"https:\/\/www.esplanadetergesteo.it\/wp-content\/uploads\/2025\/04\/FED9571-light-scaled.jpg","articleSection":["Hotel","Wellness"],"inLanguage":"de"},{"@type":"WebPage","@id":"https:\/\/www.esplanadetergesteo.it\/de\/weltgesundheitstag-2025-natuerliches-wohlbefinden-in-den-euganeischen-thermen\/","url":"https:\/\/www.esplanadetergesteo.it\/de\/weltgesundheitstag-2025-natuerliches-wohlbefinden-in-den-euganeischen-thermen\/","name":"Weltgesundheitstag 2025","isPartOf":{"@id":"https:\/\/www.esplanadetergesteo.it\/#website"},"primaryImageOfPage":{"@id":"https:\/\/www.esplanadetergesteo.it\/de\/weltgesundheitstag-2025-natuerliches-wohlbefinden-in-den-euganeischen-thermen\/#primaryimage"},"image":{"@id":"https:\/\/www.esplanadetergesteo.it\/de\/weltgesundheitstag-2025-natuerliches-wohlbefinden-in-den-euganeischen-thermen\/#primaryimage"},"thumbnailUrl":"https:\/\/www.esplanadetergesteo.it\/wp-content\/uploads\/2025\/04\/FED9571-light-scaled.jpg","datePublished":"2025-04-07T11:55:21+00:00","dateModified":"2025-04-07T12:09:37+00:00","author":{"@id":"https:\/\/www.esplanadetergesteo.it\/#\/schema\/person\/46acef43e5a882936cab94ea48da547e"},"description":"Am 7. April 2025 feiern wir den Weltgesundheitstag, einen Anlass, um \u00fcber die Bedeutung von Wohlbefinden und Pr\u00e4vention nachzudenken","breadcrumb":{"@id":"https:\/\/www.esplanadetergesteo.it\/de\/weltgesundheitstag-2025-natuerliches-wohlbefinden-in-den-euganeischen-thermen\/#breadcrumb"},"inLanguage":"de","potentialAction":[{"@type":"ReadAction","target":["https:\/\/www.esplanadetergesteo.it\/de\/weltgesundheitstag-2025-natuerliches-wohlbefinden-in-den-euganeischen-thermen\/"]}]},{"@type":"ImageObject","inLanguage":"de","@id":"https:\/\/www.esplanadetergesteo.it\/de\/weltgesundheitstag-2025-natuerliches-wohlbefinden-in-den-euganeischen-thermen\/#primaryimage","url":"https:\/\/www.esplanadetergesteo.it\/wp-content\/uploads\/2025\/04\/FED9571-light-scaled.jpg","contentUrl":"https:\/\/www.esplanadetergesteo.it\/wp-content\/uploads\/2025\/04\/FED9571-light-scaled.jpg","width":1707,"height":2560},{"@type":"BreadcrumbList","@id":"https:\/\/www.esplanadetergesteo.it\/de\/weltgesundheitstag-2025-natuerliches-wohlbefinden-in-den-euganeischen-thermen\/#breadcrumb","itemListElement":[{"@type":"ListItem","position":1,"name":"Home","item":"https:\/\/www.esplanadetergesteo.it\/de\/"},{"@type":"ListItem","position":2,"name":"Hotel","item":"https:\/\/www.esplanadetergesteo.it\/de\/category\/hotel-de\/"},{"@type":"ListItem","position":3,"name":"Weltgesundheitstag 2025: Nat\u00fcrliches Wohlbefinden in den Euganeischen Thermen"}]},{"@type":"WebSite","@id":"https:\/\/www.esplanadetergesteo.it\/#website","url":"https:\/\/www.esplanadetergesteo.it\/","name":"Esplanade Tergesteo","description":"","potentialAction":[{"@type":"SearchAction","target":{"@type":"EntryPoint","urlTemplate":"https:\/\/www.esplanadetergesteo.it\/?s={search_term_string}"},"query-input":{"@type":"PropertyValueSpecification","valueRequired":true,"valueName":"search_term_string"}}],"inLanguage":"de"},{"@type":"Person","@id":"https:\/\/www.esplanadetergesteo.it\/#\/schema\/person\/46acef43e5a882936cab94ea48da547e","name":"esplanade.tergesteo","url":"https:\/\/www.esplanadetergesteo.it\/de\/author\/esplanade-tergesteo\/"}]}},"_links":{"self":[{"href":"https:\/\/www.esplanadetergesteo.it\/de\/wp-json\/wp\/v2\/posts\/13789","targetHints":{"allow":["GET"]}}],"collection":[{"href":"https:\/\/www.esplanadetergesteo.it\/de\/wp-json\/wp\/v2\/posts"}],"about":[{"href":"https:\/\/www.esplanadetergesteo.it\/de\/wp-json\/wp\/v2\/types\/post"}],"author":[{"embeddable":true,"href":"https:\/\/www.esplanadetergesteo.it\/de\/wp-json\/wp\/v2\/users\/4"}],"replies":[{"embeddable":true,"href":"https:\/\/www.esplanadetergesteo.it\/de\/wp-json\/wp\/v2\/comments?post=13789"}],"version-history":[{"count":1,"href":"https:\/\/www.esplanadetergesteo.it\/de\/wp-json\/wp\/v2\/posts\/13789\/revisions"}],"predecessor-version":[{"id":13790,"href":"https:\/\/www.esplanadetergesteo.it\/de\/wp-json\/wp\/v2\/posts\/13789\/revisions\/13790"}],"wp:featuredmedia":[{"embeddable":true,"href":"https:\/\/www.esplanadetergesteo.it\/de\/wp-json\/wp\/v2\/media\/13785"}],"wp:attachment":[{"href":"https:\/\/www.esplanadetergesteo.it\/de\/wp-json\/wp\/v2\/media?parent=13789"}],"wp:term":[{"taxonomy":"category","embeddable":true,"href":"https:\/\/www.esplanadetergesteo.it\/de\/wp-json\/wp\/v2\/categories?post=13789"},{"taxonomy":"post_tag","embeddable":true,"href":"https:\/\/www.esplanadetergesteo.it\/de\/wp-json\/wp\/v2\/tags?post=13789"}],"curies":[{"name":"wp","href":"https:\/\/api.w.org\/{rel}","templated":true}]}}