{"id":9900,"date":"2024-03-06T13:49:28","date_gmt":"2024-03-06T12:49:28","guid":{"rendered":"https:\/\/www.esplanadetergesteo.it\/?p=9900"},"modified":"2024-03-06T13:49:28","modified_gmt":"2024-03-06T12:49:28","slug":"zeit-zu-bluehen","status":"publish","type":"post","link":"https:\/\/www.esplanadetergesteo.it\/de\/zeit-zu-bluehen\/","title":{"rendered":"Zeit zu bl\u00fchen!"},"content":{"rendered":"<p>Der Fr\u00fchling kommt und unser Gebiet erwacht: zwischen saisonalen \u00d6ffnungen, kulturellen Veranstaltungen und \u00fcppiger Natur ist das Gebiet von Padua reich an M\u00f6glichkeiten und Gelegenheiten, das Fr\u00fchlingsklima und die Landschaften in vollen Z\u00fcgen zu genie\u00dfen.<\/p>\n","protected":false},"excerpt":{"rendered":"<p>Der Fr\u00fchling kommt und unser Gebiet erwacht: zwischen saisonalen \u00d6ffnungen, kulturellen Veranstaltungen und \u00fcppiger Natur ist das Gebiet von Padua reich an M\u00f6glichkeiten und Gelegenheiten, das Fr\u00fchlingsklima und die Landschaften in vollen Z\u00fcgen zu genie\u00dfen.<\/p>\n","protected":false},"author":4,"featured_media":2477,"comment_status":"closed","ping_status":"closed","sticky":false,"template":"","format":"standard","meta":{"_acf_changed":false,"_joinchat":[]},"categories":[55],"tags":[],"class_list":["post-9900","post","type-post","status-publish","format-standard","has-post-thumbnail","hentry","category-umgebungen"],"acf":[],"yoast_head":"<!-- This site is optimized with the Yoast SEO plugin v27.1.1 - https:\/\/yoast.com\/product\/yoast-seo-wordpress\/ -->\n<title>Zeit zu bl\u00fchen! - Esplanade Tergesteo<\/title>\n<meta name=\"robots\" content=\"index, follow, max-snippet:-1, max-image-preview:large, max-video-preview:-1\" \/>\n<link rel=\"canonical\" href=\"https:\/\/www.esplanadetergesteo.it\/de\/zeit-zu-bluehen\/\" \/>\n<meta property=\"og:locale\" content=\"de_DE\" \/>\n<meta property=\"og:type\" content=\"article\" \/>\n<meta property=\"og:title\" content=\"Zeit zu bl\u00fchen! - Esplanade Tergesteo\" \/>\n<meta property=\"og:description\" content=\"Der Fr\u00fchling kommt und unser Gebiet erwacht: zwischen saisonalen \u00d6ffnungen, kulturellen Veranstaltungen und \u00fcppiger Natur ist das Gebiet von Padua reich an M\u00f6glichkeiten und Gelegenheiten, das Fr\u00fchlingsklima und die Landschaften in vollen Z\u00fcgen zu genie\u00dfen.\" \/>\n<meta property=\"og:url\" content=\"https:\/\/www.esplanadetergesteo.it\/de\/zeit-zu-bluehen\/\" \/>\n<meta property=\"og:site_name\" content=\"Esplanade Tergesteo\" \/>\n<meta property=\"article:published_time\" content=\"2024-03-06T12:49:28+00:00\" \/>\n<meta property=\"og:image\" content=\"https:\/\/www.esplanadetergesteo.it\/wp-content\/uploads\/2022\/05\/4-stagioni-terme-primavera.jpeg\" \/>\n\t<meta property=\"og:image:width\" content=\"1200\" \/>\n\t<meta property=\"og:image:height\" content=\"810\" \/>\n\t<meta property=\"og:image:type\" content=\"image\/jpeg\" \/>\n<meta name=\"author\" content=\"esplanade.tergesteo\" \/>\n<meta name=\"twitter:card\" content=\"summary_large_image\" \/>\n<meta name=\"twitter:label1\" content=\"Verfasst von\" \/>\n\t<meta name=\"twitter:data1\" content=\"esplanade.tergesteo\" \/>\n\t<meta name=\"twitter:label2\" content=\"Gesch\u00e4tzte Lesezeit\" \/>\n\t<meta name=\"twitter:data2\" content=\"1\u00a0Minute\" \/>\n<script type=\"application\/ld+json\" class=\"yoast-schema-graph\">{\"@context\":\"https:\/\/schema.org\",\"@graph\":[{\"@type\":\"Article\",\"@id\":\"https:\/\/www.esplanadetergesteo.it\/de\/zeit-zu-bluehen\/#article\",\"isPartOf\":{\"@id\":\"https:\/\/www.esplanadetergesteo.it\/de\/zeit-zu-bluehen\/\"},\"author\":{\"name\":\"esplanade.tergesteo\",\"@id\":\"https:\/\/www.esplanadetergesteo.it\/#\/schema\/person\/46acef43e5a882936cab94ea48da547e\"},\"headline\":\"Zeit zu bl\u00fchen!\",\"datePublished\":\"2024-03-06T12:49:28+00:00\",\"mainEntityOfPage\":{\"@id\":\"https:\/\/www.esplanadetergesteo.it\/de\/zeit-zu-bluehen\/\"},\"wordCount\":44,\"image\":{\"@id\":\"https:\/\/www.esplanadetergesteo.it\/de\/zeit-zu-bluehen\/#primaryimage\"},\"thumbnailUrl\":\"https:\/\/www.esplanadetergesteo.it\/wp-content\/uploads\/2022\/05\/4-stagioni-terme-primavera.jpeg\",\"articleSection\":[\"Umgebungen\"],\"inLanguage\":\"de\"},{\"@type\":\"WebPage\",\"@id\":\"https:\/\/www.esplanadetergesteo.it\/de\/zeit-zu-bluehen\/\",\"url\":\"https:\/\/www.esplanadetergesteo.it\/de\/zeit-zu-bluehen\/\",\"name\":\"Zeit zu bl\u00fchen! - Esplanade Tergesteo\",\"isPartOf\":{\"@id\":\"https:\/\/www.esplanadetergesteo.it\/#website\"},\"primaryImageOfPage\":{\"@id\":\"https:\/\/www.esplanadetergesteo.it\/de\/zeit-zu-bluehen\/#primaryimage\"},\"image\":{\"@id\":\"https:\/\/www.esplanadetergesteo.it\/de\/zeit-zu-bluehen\/#primaryimage\"},\"thumbnailUrl\":\"https:\/\/www.esplanadetergesteo.it\/wp-content\/uploads\/2022\/05\/4-stagioni-terme-primavera.jpeg\",\"datePublished\":\"2024-03-06T12:49:28+00:00\",\"author\":{\"@id\":\"https:\/\/www.esplanadetergesteo.it\/#\/schema\/person\/46acef43e5a882936cab94ea48da547e\"},\"breadcrumb\":{\"@id\":\"https:\/\/www.esplanadetergesteo.it\/de\/zeit-zu-bluehen\/#breadcrumb\"},\"inLanguage\":\"de\",\"potentialAction\":[{\"@type\":\"ReadAction\",\"target\":[\"https:\/\/www.esplanadetergesteo.it\/de\/zeit-zu-bluehen\/\"]}]},{\"@type\":\"ImageObject\",\"inLanguage\":\"de\",\"@id\":\"https:\/\/www.esplanadetergesteo.it\/de\/zeit-zu-bluehen\/#primaryimage\",\"url\":\"https:\/\/www.esplanadetergesteo.it\/wp-content\/uploads\/2022\/05\/4-stagioni-terme-primavera.jpeg\",\"contentUrl\":\"https:\/\/www.esplanadetergesteo.it\/wp-content\/uploads\/2022\/05\/4-stagioni-terme-primavera.jpeg\",\"width\":1200,\"height\":810},{\"@type\":\"BreadcrumbList\",\"@id\":\"https:\/\/www.esplanadetergesteo.it\/de\/zeit-zu-bluehen\/#breadcrumb\",\"itemListElement\":[{\"@type\":\"ListItem\",\"position\":1,\"name\":\"Home\",\"item\":\"https:\/\/www.esplanadetergesteo.it\/de\/\"},{\"@type\":\"ListItem\",\"position\":2,\"name\":\"Umgebungen\",\"item\":\"https:\/\/www.esplanadetergesteo.it\/de\/category\/umgebungen\/\"},{\"@type\":\"ListItem\",\"position\":3,\"name\":\"Zeit zu bl\u00fchen!\"}]},{\"@type\":\"WebSite\",\"@id\":\"https:\/\/www.esplanadetergesteo.it\/#website\",\"url\":\"https:\/\/www.esplanadetergesteo.it\/\",\"name\":\"Esplanade Tergesteo\",\"description\":\"\",\"potentialAction\":[{\"@type\":\"SearchAction\",\"target\":{\"@type\":\"EntryPoint\",\"urlTemplate\":\"https:\/\/www.esplanadetergesteo.it\/?s={search_term_string}\"},\"query-input\":{\"@type\":\"PropertyValueSpecification\",\"valueRequired\":true,\"valueName\":\"search_term_string\"}}],\"inLanguage\":\"de\"},{\"@type\":\"Person\",\"@id\":\"https:\/\/www.esplanadetergesteo.it\/#\/schema\/person\/46acef43e5a882936cab94ea48da547e\",\"name\":\"esplanade.tergesteo\",\"url\":\"https:\/\/www.esplanadetergesteo.it\/de\/author\/esplanade-tergesteo\/\"}]}<\/script>\n<!-- \/ Yoast SEO plugin. -->","yoast_head_json":{"title":"Zeit zu bl\u00fchen! - Esplanade Tergesteo","robots":{"index":"index","follow":"follow","max-snippet":"max-snippet:-1","max-image-preview":"max-image-preview:large","max-video-preview":"max-video-preview:-1"},"canonical":"https:\/\/www.esplanadetergesteo.it\/de\/zeit-zu-bluehen\/","og_locale":"de_DE","og_type":"article","og_title":"Zeit zu bl\u00fchen! - Esplanade Tergesteo","og_description":"Der Fr\u00fchling kommt und unser Gebiet erwacht: zwischen saisonalen \u00d6ffnungen, kulturellen Veranstaltungen und \u00fcppiger Natur ist das Gebiet von Padua reich an M\u00f6glichkeiten und Gelegenheiten, das Fr\u00fchlingsklima und die Landschaften in vollen Z\u00fcgen zu genie\u00dfen.","og_url":"https:\/\/www.esplanadetergesteo.it\/de\/zeit-zu-bluehen\/","og_site_name":"Esplanade Tergesteo","article_published_time":"2024-03-06T12:49:28+00:00","og_image":[{"width":1200,"height":810,"url":"https:\/\/www.esplanadetergesteo.it\/wp-content\/uploads\/2022\/05\/4-stagioni-terme-primavera.jpeg","type":"image\/jpeg"}],"author":"esplanade.tergesteo","twitter_card":"summary_large_image","twitter_misc":{"Verfasst von":"esplanade.tergesteo","Gesch\u00e4tzte Lesezeit":"1\u00a0Minute"},"schema":{"@context":"https:\/\/schema.org","@graph":[{"@type":"Article","@id":"https:\/\/www.esplanadetergesteo.it\/de\/zeit-zu-bluehen\/#article","isPartOf":{"@id":"https:\/\/www.esplanadetergesteo.it\/de\/zeit-zu-bluehen\/"},"author":{"name":"esplanade.tergesteo","@id":"https:\/\/www.esplanadetergesteo.it\/#\/schema\/person\/46acef43e5a882936cab94ea48da547e"},"headline":"Zeit zu bl\u00fchen!","datePublished":"2024-03-06T12:49:28+00:00","mainEntityOfPage":{"@id":"https:\/\/www.esplanadetergesteo.it\/de\/zeit-zu-bluehen\/"},"wordCount":44,"image":{"@id":"https:\/\/www.esplanadetergesteo.it\/de\/zeit-zu-bluehen\/#primaryimage"},"thumbnailUrl":"https:\/\/www.esplanadetergesteo.it\/wp-content\/uploads\/2022\/05\/4-stagioni-terme-primavera.jpeg","articleSection":["Umgebungen"],"inLanguage":"de"},{"@type":"WebPage","@id":"https:\/\/www.esplanadetergesteo.it\/de\/zeit-zu-bluehen\/","url":"https:\/\/www.esplanadetergesteo.it\/de\/zeit-zu-bluehen\/","name":"Zeit zu bl\u00fchen! - Esplanade Tergesteo","isPartOf":{"@id":"https:\/\/www.esplanadetergesteo.it\/#website"},"primaryImageOfPage":{"@id":"https:\/\/www.esplanadetergesteo.it\/de\/zeit-zu-bluehen\/#primaryimage"},"image":{"@id":"https:\/\/www.esplanadetergesteo.it\/de\/zeit-zu-bluehen\/#primaryimage"},"thumbnailUrl":"https:\/\/www.esplanadetergesteo.it\/wp-content\/uploads\/2022\/05\/4-stagioni-terme-primavera.jpeg","datePublished":"2024-03-06T12:49:28+00:00","author":{"@id":"https:\/\/www.esplanadetergesteo.it\/#\/schema\/person\/46acef43e5a882936cab94ea48da547e"},"breadcrumb":{"@id":"https:\/\/www.esplanadetergesteo.it\/de\/zeit-zu-bluehen\/#breadcrumb"},"inLanguage":"de","potentialAction":[{"@type":"ReadAction","target":["https:\/\/www.esplanadetergesteo.it\/de\/zeit-zu-bluehen\/"]}]},{"@type":"ImageObject","inLanguage":"de","@id":"https:\/\/www.esplanadetergesteo.it\/de\/zeit-zu-bluehen\/#primaryimage","url":"https:\/\/www.esplanadetergesteo.it\/wp-content\/uploads\/2022\/05\/4-stagioni-terme-primavera.jpeg","contentUrl":"https:\/\/www.esplanadetergesteo.it\/wp-content\/uploads\/2022\/05\/4-stagioni-terme-primavera.jpeg","width":1200,"height":810},{"@type":"BreadcrumbList","@id":"https:\/\/www.esplanadetergesteo.it\/de\/zeit-zu-bluehen\/#breadcrumb","itemListElement":[{"@type":"ListItem","position":1,"name":"Home","item":"https:\/\/www.esplanadetergesteo.it\/de\/"},{"@type":"ListItem","position":2,"name":"Umgebungen","item":"https:\/\/www.esplanadetergesteo.it\/de\/category\/umgebungen\/"},{"@type":"ListItem","position":3,"name":"Zeit zu bl\u00fchen!"}]},{"@type":"WebSite","@id":"https:\/\/www.esplanadetergesteo.it\/#website","url":"https:\/\/www.esplanadetergesteo.it\/","name":"Esplanade Tergesteo","description":"","potentialAction":[{"@type":"SearchAction","target":{"@type":"EntryPoint","urlTemplate":"https:\/\/www.esplanadetergesteo.it\/?s={search_term_string}"},"query-input":{"@type":"PropertyValueSpecification","valueRequired":true,"valueName":"search_term_string"}}],"inLanguage":"de"},{"@type":"Person","@id":"https:\/\/www.esplanadetergesteo.it\/#\/schema\/person\/46acef43e5a882936cab94ea48da547e","name":"esplanade.tergesteo","url":"https:\/\/www.esplanadetergesteo.it\/de\/author\/esplanade-tergesteo\/"}]}},"_links":{"self":[{"href":"https:\/\/www.esplanadetergesteo.it\/de\/wp-json\/wp\/v2\/posts\/9900","targetHints":{"allow":["GET"]}}],"collection":[{"href":"https:\/\/www.esplanadetergesteo.it\/de\/wp-json\/wp\/v2\/posts"}],"about":[{"href":"https:\/\/www.esplanadetergesteo.it\/de\/wp-json\/wp\/v2\/types\/post"}],"author":[{"embeddable":true,"href":"https:\/\/www.esplanadetergesteo.it\/de\/wp-json\/wp\/v2\/users\/4"}],"replies":[{"embeddable":true,"href":"https:\/\/www.esplanadetergesteo.it\/de\/wp-json\/wp\/v2\/comments?post=9900"}],"version-history":[{"count":1,"href":"https:\/\/www.esplanadetergesteo.it\/de\/wp-json\/wp\/v2\/posts\/9900\/revisions"}],"predecessor-version":[{"id":9901,"href":"https:\/\/www.esplanadetergesteo.it\/de\/wp-json\/wp\/v2\/posts\/9900\/revisions\/9901"}],"wp:featuredmedia":[{"embeddable":true,"href":"https:\/\/www.esplanadetergesteo.it\/de\/wp-json\/wp\/v2\/media\/2477"}],"wp:attachment":[{"href":"https:\/\/www.esplanadetergesteo.it\/de\/wp-json\/wp\/v2\/media?parent=9900"}],"wp:term":[{"taxonomy":"category","embeddable":true,"href":"https:\/\/www.esplanadetergesteo.it\/de\/wp-json\/wp\/v2\/categories?post=9900"},{"taxonomy":"post_tag","embeddable":true,"href":"https:\/\/www.esplanadetergesteo.it\/de\/wp-json\/wp\/v2\/tags?post=9900"}],"curies":[{"name":"wp","href":"https:\/\/api.w.org\/{rel}","templated":true}]}}